{"id":4006,"date":"2024-09-10T10:21:34","date_gmt":"2024-09-10T08:21:34","guid":{"rendered":"https:\/\/www.isc-vdb.fr\/?p=4006"},"modified":"2024-09-13T10:46:08","modified_gmt":"2024-09-13T08:46:08","slug":"nos-lyceens-aux-jeux-paralympiques-de-paris-2024","status":"publish","type":"post","link":"https:\/\/www.isc-vdb.fr\/index.php\/2024\/09\/10\/nos-lyceens-aux-jeux-paralympiques-de-paris-2024\/","title":{"rendered":"Nos lyc\u00e9ens aux Jeux Paralympiques de Paris 2024"},"content":{"rendered":"<div class=\"fusion-fullwidth fullwidth-box fusion-builder-row-1 fusion-flex-container nonhundred-percent-fullwidth non-hundred-percent-height-scrolling\" style=\"--awb-border-radius-top-left:0px;--awb-border-radius-top-right:0px;--awb-border-radius-bottom-right:0px;--awb-border-radius-bottom-left:0px;--awb-flex-wrap:wrap;\" ><div class=\"fusion-builder-row fusion-row fusion-flex-align-items-flex-start fusion-flex-content-wrap\" style=\"max-width:1248px;margin-left: calc(-4% \/ 2 );margin-right: calc(-4% \/ 2 );\"><div class=\"fusion-layout-column fusion_builder_column fusion-builder-column-0 fusion_builder_column_1_1 1_1 fusion-flex-column\" style=\"--awb-bg-blend:overlay;--awb-bg-size:cover;--awb-width-large:100%;--awb-margin-top-large:0px;--awb-spacing-right-large:1.92%;--awb-margin-bottom-large:0px;--awb-spacing-left-large:1.92%;--awb-width-medium:100%;--awb-spacing-right-medium:1.92%;--awb-spacing-left-medium:1.92%;--awb-width-small:100%;--awb-spacing-right-small:1.92%;--awb-spacing-left-small:1.92%;\"><div class=\"fusion-column-wrapper fusion-flex-justify-content-flex-start fusion-content-layout-column\"><div class=\"fusion-text fusion-text-1\"><h2 class=\"\" style=\"text-align: center; --fontsize: 34; line-height: 1.15;\" data-fontsize=\"34\" data-lineheight=\"39.1px\">Nos lyc\u00e9ens aux Jeux Paralympiques de Paris 2024: Une Le\u00e7on de D\u00e9passement de Soi<\/h2>\n<\/p>\n<p style=\"text-align: justify;\">Le Mardi 3 Septembre 2024, un groupe de lyc\u00e9ens de <strong>l\u2019Institution du Sacr\u00e9-C\u0153ur<\/strong> a eu l\u2019opportunit\u00e9 unique d&rsquo;assister \u00e0 une \u00e9preuve de <strong>tennis de table<\/strong> aux <strong>Jeux Paralympiques de Paris 2024<\/strong>. Ce moment fort, au-del\u00e0 de l\u2019\u00e9v\u00e9nement sportif, a permis \u00e0 nos \u00e9l\u00e8ves de vivre une exp\u00e9rience enrichissante sur le plan humain, en d\u00e9couvrant la force et la d\u00e9termination des athl\u00e8tes paralympiques.<\/p>\n<\/p>\n<p style=\"text-align: justify;\"><strong>Une Journ\u00e9e Inoubliable aux Jeux Paralympiques<\/strong><\/p>\n<p style=\"text-align: justify;\">Les lyc\u00e9ens de l&rsquo;Institution ont quitt\u00e9 l\u2019\u00e9tablissement le matin pour se rendre dans l\u2019un des sites parisiens accueillant <strong>les comp\u00e9titions de tennis de table paralympiques<\/strong>. D\u00e8s leur arriv\u00e9e, ils ont \u00e9t\u00e9 plong\u00e9s dans l\u2019atmosph\u00e8re unique des Jeux Paralympiques, marqu\u00e9e par l\u2019\u00e9nergie des spectateurs, le d\u00e9vouement des athl\u00e8tes et la passion des comp\u00e9titions.<\/p>\n<p style=\"text-align: justify;\">Les jeunes ont assist\u00e9 \u00e0 plusieurs matchs, o\u00f9 ils ont pu voir des athl\u00e8tes d\u2019\u00e9lite s\u2019affronter avec une technique et une ma\u00eetrise exceptionnelles, malgr\u00e9 leurs handicaps. La d\u00e9termination des joueurs et leur r\u00e9silience ont suscit\u00e9 l\u2019admiration de nos \u00e9l\u00e8ves, qui ont d\u00e9couvert une toute nouvelle perspective sur le sport de haut niveau.<\/p>\n<p><img decoding=\"async\" class=\"lazyload aligncenter size-large wp-image-4007\" style=\"text-align: justify;\" src=\"https:\/\/www.isc-vdb.fr\/wp-content\/uploads\/2024\/09\/c4071f9f-f2d6-4136-9bad-e392f316b65d-1024x575.jpg\" data-orig-src=\"https:\/\/www.isc-vdb.fr\/wp-content\/uploads\/2024\/09\/c4071f9f-f2d6-4136-9bad-e392f316b65d-1024x575.jpg\" alt=\"\" width=\"1024\" height=\"575\" srcset=\"data:image\/svg+xml,%3Csvg%20xmlns%3D%27http%3A%2F%2Fwww.w3.org%2F2000%2Fsvg%27%20width%3D%271024%27%20height%3D%27575%27%20viewBox%3D%270%200%201024%20575%27%3E%3Crect%20width%3D%271024%27%20height%3D%27575%27%20fill-opacity%3D%220%22%2F%3E%3C%2Fsvg%3E\" data-srcset=\"https:\/\/www.isc-vdb.fr\/wp-content\/uploads\/2024\/09\/c4071f9f-f2d6-4136-9bad-e392f316b65d-200x112.jpg 200w, https:\/\/www.isc-vdb.fr\/wp-content\/uploads\/2024\/09\/c4071f9f-f2d6-4136-9bad-e392f316b65d-300x169.jpg 300w, https:\/\/www.isc-vdb.fr\/wp-content\/uploads\/2024\/09\/c4071f9f-f2d6-4136-9bad-e392f316b65d-400x225.jpg 400w, https:\/\/www.isc-vdb.fr\/wp-content\/uploads\/2024\/09\/c4071f9f-f2d6-4136-9bad-e392f316b65d-600x337.jpg 600w, https:\/\/www.isc-vdb.fr\/wp-content\/uploads\/2024\/09\/c4071f9f-f2d6-4136-9bad-e392f316b65d-768x432.jpg 768w, https:\/\/www.isc-vdb.fr\/wp-content\/uploads\/2024\/09\/c4071f9f-f2d6-4136-9bad-e392f316b65d-800x450.jpg 800w, https:\/\/www.isc-vdb.fr\/wp-content\/uploads\/2024\/09\/c4071f9f-f2d6-4136-9bad-e392f316b65d-1024x575.jpg 1024w, https:\/\/www.isc-vdb.fr\/wp-content\/uploads\/2024\/09\/c4071f9f-f2d6-4136-9bad-e392f316b65d-1200x674.jpg 1200w, https:\/\/www.isc-vdb.fr\/wp-content\/uploads\/2024\/09\/c4071f9f-f2d6-4136-9bad-e392f316b65d-1536x863.jpg 1536w, https:\/\/www.isc-vdb.fr\/wp-content\/uploads\/2024\/09\/c4071f9f-f2d6-4136-9bad-e392f316b65d.jpg 1600w\" data-sizes=\"auto\" data-orig-sizes=\"(max-width: 1024px) 100vw, 1024px\" \/><\/p>\n<\/p>\n<p style=\"text-align: justify;\"><strong>Une Le\u00e7on de Vie et de D\u00e9passement de Soi<\/strong><\/p>\n<p style=\"text-align: justify;\">Au-del\u00e0 de la performance sportive, cette sortie p\u00e9dagogique a \u00e9t\u00e9 l&rsquo;occasion pour nos lyc\u00e9ens de r\u00e9fl\u00e9chir aux notions de <strong>courage<\/strong>, de <strong>r\u00e9silience<\/strong>, et de <strong>d\u00e9passement de soi<\/strong>. En voyant ces athl\u00e8tes faire face \u00e0 leurs handicaps tout en donnant le meilleur d\u2019eux-m\u00eames, les \u00e9l\u00e8ves ont pris conscience de l&rsquo;importance de la pers\u00e9v\u00e9rance, un message fort pour leur propre parcours scolaire et personnel.<\/p>\n<p><img decoding=\"async\" class=\"lazyload aligncenter size-large wp-image-4008\" style=\"text-align: justify;\" src=\"https:\/\/www.isc-vdb.fr\/wp-content\/uploads\/2024\/09\/1725869313431-1024x575.jpeg\" data-orig-src=\"https:\/\/www.isc-vdb.fr\/wp-content\/uploads\/2024\/09\/1725869313431-1024x575.jpeg\" alt=\"\" width=\"1024\" height=\"575\" srcset=\"data:image\/svg+xml,%3Csvg%20xmlns%3D%27http%3A%2F%2Fwww.w3.org%2F2000%2Fsvg%27%20width%3D%271024%27%20height%3D%27575%27%20viewBox%3D%270%200%201024%20575%27%3E%3Crect%20width%3D%271024%27%20height%3D%27575%27%20fill-opacity%3D%220%22%2F%3E%3C%2Fsvg%3E\" data-srcset=\"https:\/\/www.isc-vdb.fr\/wp-content\/uploads\/2024\/09\/1725869313431-200x112.jpeg 200w, https:\/\/www.isc-vdb.fr\/wp-content\/uploads\/2024\/09\/1725869313431-300x169.jpeg 300w, https:\/\/www.isc-vdb.fr\/wp-content\/uploads\/2024\/09\/1725869313431-400x225.jpeg 400w, https:\/\/www.isc-vdb.fr\/wp-content\/uploads\/2024\/09\/1725869313431-600x337.jpeg 600w, https:\/\/www.isc-vdb.fr\/wp-content\/uploads\/2024\/09\/1725869313431-768x432.jpeg 768w, https:\/\/www.isc-vdb.fr\/wp-content\/uploads\/2024\/09\/1725869313431-800x450.jpeg 800w, https:\/\/www.isc-vdb.fr\/wp-content\/uploads\/2024\/09\/1725869313431-1024x575.jpeg 1024w, https:\/\/www.isc-vdb.fr\/wp-content\/uploads\/2024\/09\/1725869313431-1200x674.jpeg 1200w, https:\/\/www.isc-vdb.fr\/wp-content\/uploads\/2024\/09\/1725869313431-1536x863.jpeg 1536w\" data-sizes=\"auto\" data-orig-sizes=\"(max-width: 1024px) 100vw, 1024px\" \/><\/p>\n<\/p>\n<p style=\"text-align: justify;\"><strong>Rencontre avec des Athl\u00e8tes Paralympiques<\/strong><\/p>\n<p style=\"text-align: justify;\">Apr\u00e8s les matchs, les \u00e9l\u00e8ves ont eu la chance de rencontrer certains athl\u00e8tes, qui ont partag\u00e9 leurs histoires et leurs parcours. Ces \u00e9changes ont permis aux jeunes de mieux comprendre les d\u00e9fis auxquels ces sportifs font face quotidiennement, ainsi que la pr\u00e9paration rigoureuse et la discipline n\u00e9cessaire pour atteindre ce niveau de comp\u00e9tition.<\/p>\n<p style=\"text-align: justify;\">Ces t\u00e9moignages ont profond\u00e9ment marqu\u00e9 nos \u00e9l\u00e8ves, qui ont exprim\u00e9 leur admiration pour la force mentale et le courage des athl\u00e8tes.<\/p>\n<p><img decoding=\"async\" class=\"lazyload size-medium wp-image-4010 alignleft\" style=\"text-align: justify;\" src=\"https:\/\/www.isc-vdb.fr\/wp-content\/uploads\/2024\/09\/IMG_5325-225x300.jpg\" data-orig-src=\"https:\/\/www.isc-vdb.fr\/wp-content\/uploads\/2024\/09\/IMG_5325-225x300.jpg\" alt=\"\" width=\"225\" height=\"300\" srcset=\"data:image\/svg+xml,%3Csvg%20xmlns%3D%27http%3A%2F%2Fwww.w3.org%2F2000%2Fsvg%27%20width%3D%27225%27%20height%3D%27300%27%20viewBox%3D%270%200%20225%20300%27%3E%3Crect%20width%3D%27225%27%20height%3D%27300%27%20fill-opacity%3D%220%22%2F%3E%3C%2Fsvg%3E\" data-srcset=\"https:\/\/www.isc-vdb.fr\/wp-content\/uploads\/2024\/09\/IMG_5325-200x267.jpg 200w, https:\/\/www.isc-vdb.fr\/wp-content\/uploads\/2024\/09\/IMG_5325-225x300.jpg 225w, https:\/\/www.isc-vdb.fr\/wp-content\/uploads\/2024\/09\/IMG_5325-400x533.jpg 400w, https:\/\/www.isc-vdb.fr\/wp-content\/uploads\/2024\/09\/IMG_5325-600x800.jpg 600w, https:\/\/www.isc-vdb.fr\/wp-content\/uploads\/2024\/09\/IMG_5325-768x1024.jpg 768w, https:\/\/www.isc-vdb.fr\/wp-content\/uploads\/2024\/09\/IMG_5325-800x1067.jpg 800w, https:\/\/www.isc-vdb.fr\/wp-content\/uploads\/2024\/09\/IMG_5325-1152x1536.jpg 1152w, https:\/\/www.isc-vdb.fr\/wp-content\/uploads\/2024\/09\/IMG_5325-1200x1600.jpg 1200w, https:\/\/www.isc-vdb.fr\/wp-content\/uploads\/2024\/09\/IMG_5325-1536x2048.jpg 1536w, https:\/\/www.isc-vdb.fr\/wp-content\/uploads\/2024\/09\/IMG_5325-scaled.jpg 1920w\" data-sizes=\"auto\" data-orig-sizes=\"(max-width: 225px) 100vw, 225px\" \/>                                           <img decoding=\"async\" class=\"lazyload size-medium wp-image-4009 alignright\" style=\"text-align: justify;\" src=\"https:\/\/www.isc-vdb.fr\/wp-content\/uploads\/2024\/09\/IMG_5298-225x300.jpg\" data-orig-src=\"https:\/\/www.isc-vdb.fr\/wp-content\/uploads\/2024\/09\/IMG_5298-225x300.jpg\" alt=\"\" width=\"225\" height=\"300\" srcset=\"data:image\/svg+xml,%3Csvg%20xmlns%3D%27http%3A%2F%2Fwww.w3.org%2F2000%2Fsvg%27%20width%3D%27225%27%20height%3D%27300%27%20viewBox%3D%270%200%20225%20300%27%3E%3Crect%20width%3D%27225%27%20height%3D%27300%27%20fill-opacity%3D%220%22%2F%3E%3C%2Fsvg%3E\" data-srcset=\"https:\/\/www.isc-vdb.fr\/wp-content\/uploads\/2024\/09\/IMG_5298-200x267.jpg 200w, https:\/\/www.isc-vdb.fr\/wp-content\/uploads\/2024\/09\/IMG_5298-225x300.jpg 225w, https:\/\/www.isc-vdb.fr\/wp-content\/uploads\/2024\/09\/IMG_5298-400x533.jpg 400w, https:\/\/www.isc-vdb.fr\/wp-content\/uploads\/2024\/09\/IMG_5298-600x800.jpg 600w, https:\/\/www.isc-vdb.fr\/wp-content\/uploads\/2024\/09\/IMG_5298-768x1024.jpg 768w, https:\/\/www.isc-vdb.fr\/wp-content\/uploads\/2024\/09\/IMG_5298-800x1067.jpg 800w, https:\/\/www.isc-vdb.fr\/wp-content\/uploads\/2024\/09\/IMG_5298-1152x1536.jpg 1152w, https:\/\/www.isc-vdb.fr\/wp-content\/uploads\/2024\/09\/IMG_5298-1200x1600.jpg 1200w, https:\/\/www.isc-vdb.fr\/wp-content\/uploads\/2024\/09\/IMG_5298-1536x2048.jpg 1536w, https:\/\/www.isc-vdb.fr\/wp-content\/uploads\/2024\/09\/IMG_5298-scaled.jpg 1920w\" data-sizes=\"auto\" data-orig-sizes=\"(max-width: 225px) 100vw, 225px\" \/><\/p>\n<\/p>\n<\/p>\n<p><strong style=\"text-align: justify; color: var(--awb-text-color); font-family: var(--awb-text-font-family); font-size: var(--awb-font-size); font-style: var(--awb-text-font-style); letter-spacing: var(--awb-letter-spacing); text-transform: var(--awb-text-transform); background-color: var(--awb-bg-color-hover);\">Une Exp\u00e9rience Enrichissante pour Nos Lyc\u00e9ens<\/strong><\/p>\n<p style=\"text-align: justify;\">Cette immersion aux Jeux Paralympiques a permis \u00e0 nos lyc\u00e9ens de vivre une exp\u00e9rience unique, enrichissante \u00e0 la fois sur le plan sportif et humain. Cette sortie p\u00e9dagogique s&rsquo;inscrit pleinement dans la volont\u00e9 de l\u2019Institution du Sacr\u00e9-C\u0153ur de former des citoyens ouverts d\u2019esprit, solidaires et engag\u00e9s, capables de puiser dans leurs ressources pour surmonter les d\u00e9fis.<\/p>\n<p style=\"text-align: justify;\"><strong>Vers de Nouveaux Horizons<\/strong><\/p>\n<p style=\"text-align: justify;\">L\u2019Institution du Sacr\u00e9-C\u0153ur est fi\u00e8re d\u2019avoir pu offrir cette opportunit\u00e9 \u00e0 ses \u00e9l\u00e8ves, et souhaite continuer \u00e0 organiser des sorties p\u00e9dagogiques qui allient apprentissage et ouverture sur le monde. Le retour des lyc\u00e9ens apr\u00e8s cette journ\u00e9e aux Jeux Paralympiques de Paris 2024 ne fait que renforcer notre engagement \u00e0 favoriser des exp\u00e9riences formatrices pour chaque \u00e9l\u00e8ve.<\/p>\n<\/div><\/div><\/div><\/div><\/div>\n","protected":false},"excerpt":{"rendered":"","protected":false},"author":11,"featured_media":4013,"comment_status":"open","ping_status":"open","sticky":false,"template":"","format":"standard","meta":{"footnotes":""},"categories":[1],"tags":[],"class_list":["post-4006","post","type-post","status-publish","format-standard","has-post-thumbnail","hentry","category-non-classe"],"_links":{"self":[{"href":"https:\/\/www.isc-vdb.fr\/index.php\/wp-json\/wp\/v2\/posts\/4006","targetHints":{"allow":["GET"]}}],"collection":[{"href":"https:\/\/www.isc-vdb.fr\/index.php\/wp-json\/wp\/v2\/posts"}],"about":[{"href":"https:\/\/www.isc-vdb.fr\/index.php\/wp-json\/wp\/v2\/types\/post"}],"author":[{"embeddable":true,"href":"https:\/\/www.isc-vdb.fr\/index.php\/wp-json\/wp\/v2\/users\/11"}],"replies":[{"embeddable":true,"href":"https:\/\/www.isc-vdb.fr\/index.php\/wp-json\/wp\/v2\/comments?post=4006"}],"version-history":[{"count":0,"href":"https:\/\/www.isc-vdb.fr\/index.php\/wp-json\/wp\/v2\/posts\/4006\/revisions"}],"wp:featuredmedia":[{"embeddable":true,"href":"https:\/\/www.isc-vdb.fr\/index.php\/wp-json\/wp\/v2\/media\/4013"}],"wp:attachment":[{"href":"https:\/\/www.isc-vdb.fr\/index.php\/wp-json\/wp\/v2\/media?parent=4006"}],"wp:term":[{"taxonomy":"category","embeddable":true,"href":"https:\/\/www.isc-vdb.fr\/index.php\/wp-json\/wp\/v2\/categories?post=4006"},{"taxonomy":"post_tag","embeddable":true,"href":"https:\/\/www.isc-vdb.fr\/index.php\/wp-json\/wp\/v2\/tags?post=4006"}],"curies":[{"name":"wp","href":"https:\/\/api.w.org\/{rel}","templated":true}]}}